{"id":691,"date":"2016-03-11T07:43:36","date_gmt":"2016-03-11T07:43:36","guid":{"rendered":"https:\/\/demo.accesspressthemes.com\/fotography\/?p=691"},"modified":"2021-04-14T13:43:07","modified_gmt":"2021-04-14T11:43:07","slug":"dauphin","status":"publish","type":"post","link":"https:\/\/ber-thelud.com\/index.php\/2016\/03\/11\/dauphin\/","title":{"rendered":"Le Dauphin de ROCCAPINA"},"content":{"rendered":"\n<div class=\"wp-block-columns is-layout-flex wp-container-core-columns-is-layout-9d6595d7 wp-block-columns-is-layout-flex\">\n<div class=\"wp-block-column is-layout-flow wp-block-column-is-layout-flow\">\n<p>M\u00eame les Corses m&rsquo;ont demand\u00e9 si je n&rsquo;avais pas trafiqu\u00e9 l&rsquo;image, promis, je jure que non&#8230;..!<\/p>\n\n\n\n<p>J&rsquo;aime me perdre presque volontairement en Corse, j&rsquo;ai donc quitt\u00e9 la plage de Roccapina et suis all\u00e9 me promener dans le maquis en longeant le littoral, c&rsquo;est pas tr\u00e8s fr\u00e9quent\u00e9 par ici, je n&rsquo;ai crois\u00e9 personne, si ce n&rsquo;est ce dauphin, j&rsquo;ai essuy\u00e9 mes yeux \u00e0 plusieurs reprises, je r\u00eave ou c&rsquo;est un dauphin, avec le Lion de Roccapina en arri\u00e8re plan, je vous assure que cette image a \u00e9t\u00e9 un p&rsquo;tit bouleversement, comme si je venais de trouver un tr\u00e9sor&#8230;.!<\/p>\n\n\n\n<p>Roccapina n&rsquo;en finit pas de me surprendre, ce lieu est exceptionnel!<\/p>\n<\/div>\n\n\n\n<div class=\"wp-block-column is-layout-flow wp-block-column-is-layout-flow\">\n<figure class=\"wp-block-image size-large\"><img data-recalc-dims=\"1\" loading=\"lazy\" decoding=\"async\" width=\"640\" height=\"480\" data-attachment-id=\"1403\" data-permalink=\"https:\/\/ber-thelud.com\/olympus-digital-camera-20\/\" data-orig-file=\"https:\/\/i0.wp.com\/ber-thelud.com\/wp-content\/uploads\/2021\/03\/Le-dauphin-de-ROCCAPINA.jpg?fit=1920%2C1440&amp;ssl=1\" data-orig-size=\"1920,1440\" data-comments-opened=\"1\" data-image-meta=\"{&quot;aperture&quot;:&quot;7.1&quot;,&quot;credit&quot;:&quot;&quot;,&quot;camera&quot;:&quot;E-M10MarkII&quot;,&quot;caption&quot;:&quot;OLYMPUS DIGITAL CAMERA&quot;,&quot;created_timestamp&quot;:&quot;1564073353&quot;,&quot;copyright&quot;:&quot;Ber_thelud&quot;,&quot;focal_length&quot;:&quot;12&quot;,&quot;iso&quot;:&quot;200&quot;,&quot;shutter_speed&quot;:&quot;0.0025&quot;,&quot;title&quot;:&quot;OLYMPUS DIGITAL CAMERA&quot;,&quot;orientation&quot;:&quot;1&quot;}\" data-image-title=\"Le Dauphin de Roccapina\" data-image-description=\"\" data-image-caption=\"&lt;p&gt;Le Dauphin de Roccapina&lt;\/p&gt;\n\" data-large-file=\"https:\/\/i0.wp.com\/ber-thelud.com\/wp-content\/uploads\/2021\/03\/Le-dauphin-de-ROCCAPINA.jpg?fit=640%2C480&amp;ssl=1\" src=\"https:\/\/i0.wp.com\/ber-thelud.com\/wp-content\/uploads\/2021\/03\/Le-dauphin-de-ROCCAPINA.jpg?resize=640%2C480&#038;ssl=1\" alt=\"Le Dauphin de Roccapina\" class=\"wp-image-1403\" srcset=\"https:\/\/i0.wp.com\/ber-thelud.com\/wp-content\/uploads\/2021\/03\/Le-dauphin-de-ROCCAPINA.jpg?resize=1024%2C768&amp;ssl=1 1024w, https:\/\/i0.wp.com\/ber-thelud.com\/wp-content\/uploads\/2021\/03\/Le-dauphin-de-ROCCAPINA.jpg?resize=300%2C225&amp;ssl=1 300w, https:\/\/i0.wp.com\/ber-thelud.com\/wp-content\/uploads\/2021\/03\/Le-dauphin-de-ROCCAPINA.jpg?resize=768%2C576&amp;ssl=1 768w, https:\/\/i0.wp.com\/ber-thelud.com\/wp-content\/uploads\/2021\/03\/Le-dauphin-de-ROCCAPINA.jpg?resize=1536%2C1152&amp;ssl=1 1536w, https:\/\/i0.wp.com\/ber-thelud.com\/wp-content\/uploads\/2021\/03\/Le-dauphin-de-ROCCAPINA.jpg?w=1920&amp;ssl=1 1920w, https:\/\/i0.wp.com\/ber-thelud.com\/wp-content\/uploads\/2021\/03\/Le-dauphin-de-ROCCAPINA.jpg?w=1280&amp;ssl=1 1280w\" sizes=\"auto, (max-width: 640px) 100vw, 640px\" \/><figcaption>Le Dauphin de Roccapina<\/figcaption><\/figure>\n<\/div>\n<\/div>\n","protected":false},"excerpt":{"rendered":"<p>M\u00eame les Corses m&rsquo;ont demand\u00e9 si je n&rsquo;avais pas trafiqu\u00e9 l&rsquo;image, promis, je jure que non&#8230;..! J&rsquo;aime me perdre presque volontairement en Corse, j&rsquo;ai donc quitt\u00e9 la plage de Roccapina et suis all\u00e9 me promener dans le maquis en longeant le littoral, c&rsquo;est pas tr\u00e8s fr\u00e9quent\u00e9 par ici, je n&rsquo;ai crois\u00e9 personne, si ce n&rsquo;est&#8230;<\/p>\n","protected":false},"author":2,"featured_media":1432,"comment_status":"open","ping_status":"open","sticky":false,"template":"","format":"standard","meta":{"_jetpack_memberships_contains_paid_content":false,"footnotes":""},"categories":[43,38,42],"tags":[],"class_list":["post-691","post","type-post","status-publish","format-standard","has-post-thumbnail","hentry","category-corse","category-mer","category-pareidolie"],"yoast_head":"<!-- This site is optimized with the Yoast SEO plugin v24.9 - https:\/\/yoast.com\/wordpress\/plugins\/seo\/ -->\n<title>Le Dauphin de ROCCAPINA - L&#039;expo Corse<\/title>\n<meta name=\"robots\" content=\"index, follow, max-snippet:-1, max-image-preview:large, max-video-preview:-1\" \/>\n<link rel=\"canonical\" href=\"https:\/\/ber-thelud.com\/index.php\/2016\/03\/11\/dauphin\/\" \/>\n<meta property=\"og:locale\" content=\"fr_FR\" \/>\n<meta property=\"og:type\" content=\"article\" \/>\n<meta property=\"og:title\" content=\"Le Dauphin de ROCCAPINA - L&#039;expo Corse\" \/>\n<meta property=\"og:description\" content=\"M\u00eame les Corses m&rsquo;ont demand\u00e9 si je n&rsquo;avais pas trafiqu\u00e9 l&rsquo;image, promis, je jure que non&#8230;..! J&rsquo;aime me perdre presque volontairement en Corse, j&rsquo;ai donc quitt\u00e9 la plage de Roccapina et suis all\u00e9 me promener dans le maquis en longeant le littoral, c&rsquo;est pas tr\u00e8s fr\u00e9quent\u00e9 par ici, je n&rsquo;ai crois\u00e9 personne, si ce n&rsquo;est...\" \/>\n<meta property=\"og:url\" content=\"https:\/\/ber-thelud.com\/index.php\/2016\/03\/11\/dauphin\/\" \/>\n<meta property=\"og:site_name\" content=\"L&#039;expo Corse\" \/>\n<meta property=\"article:published_time\" content=\"2016-03-11T07:43:36+00:00\" \/>\n<meta property=\"article:modified_time\" content=\"2021-04-14T11:43:07+00:00\" \/>\n<meta property=\"og:image\" content=\"https:\/\/i0.wp.com\/ber-thelud.com\/wp-content\/uploads\/2021\/03\/Le-dauphin-de-ROCCAPINA-1.jpg?fit=1920%2C1440&ssl=1\" \/>\n\t<meta property=\"og:image:width\" content=\"1920\" \/>\n\t<meta property=\"og:image:height\" content=\"1440\" \/>\n\t<meta property=\"og:image:type\" content=\"image\/jpeg\" \/>\n<meta name=\"author\" content=\"berthelud\" \/>\n<meta name=\"twitter:card\" content=\"summary_large_image\" \/>\n<meta name=\"twitter:label1\" content=\"\u00c9crit par\" \/>\n\t<meta name=\"twitter:data1\" content=\"berthelud\" \/>\n\t<meta name=\"twitter:label2\" content=\"Dur\u00e9e de lecture estim\u00e9e\" \/>\n\t<meta name=\"twitter:data2\" content=\"1 minute\" \/>\n<script type=\"application\/ld+json\" class=\"yoast-schema-graph\">{\"@context\":\"https:\/\/schema.org\",\"@graph\":[{\"@type\":\"WebPage\",\"@id\":\"https:\/\/ber-thelud.com\/index.php\/2016\/03\/11\/dauphin\/\",\"url\":\"https:\/\/ber-thelud.com\/index.php\/2016\/03\/11\/dauphin\/\",\"name\":\"Le Dauphin de ROCCAPINA - L&#039;expo Corse\",\"isPartOf\":{\"@id\":\"https:\/\/ber-thelud.com\/#website\"},\"primaryImageOfPage\":{\"@id\":\"https:\/\/ber-thelud.com\/index.php\/2016\/03\/11\/dauphin\/#primaryimage\"},\"image\":{\"@id\":\"https:\/\/ber-thelud.com\/index.php\/2016\/03\/11\/dauphin\/#primaryimage\"},\"thumbnailUrl\":\"https:\/\/i0.wp.com\/ber-thelud.com\/wp-content\/uploads\/2021\/03\/Le-dauphin-de-ROCCAPINA-1.jpg?fit=1920%2C1440&ssl=1\",\"datePublished\":\"2016-03-11T07:43:36+00:00\",\"dateModified\":\"2021-04-14T11:43:07+00:00\",\"author\":{\"@id\":\"https:\/\/ber-thelud.com\/#\/schema\/person\/14a3985f943f2f9b00dff89634057603\"},\"breadcrumb\":{\"@id\":\"https:\/\/ber-thelud.com\/index.php\/2016\/03\/11\/dauphin\/#breadcrumb\"},\"inLanguage\":\"fr-FR\",\"potentialAction\":[{\"@type\":\"ReadAction\",\"target\":[\"https:\/\/ber-thelud.com\/index.php\/2016\/03\/11\/dauphin\/\"]}]},{\"@type\":\"ImageObject\",\"inLanguage\":\"fr-FR\",\"@id\":\"https:\/\/ber-thelud.com\/index.php\/2016\/03\/11\/dauphin\/#primaryimage\",\"url\":\"https:\/\/i0.wp.com\/ber-thelud.com\/wp-content\/uploads\/2021\/03\/Le-dauphin-de-ROCCAPINA-1.jpg?fit=1920%2C1440&ssl=1\",\"contentUrl\":\"https:\/\/i0.wp.com\/ber-thelud.com\/wp-content\/uploads\/2021\/03\/Le-dauphin-de-ROCCAPINA-1.jpg?fit=1920%2C1440&ssl=1\",\"width\":1920,\"height\":1440,\"caption\":\"OLYMPUS DIGITAL CAMERA\"},{\"@type\":\"BreadcrumbList\",\"@id\":\"https:\/\/ber-thelud.com\/index.php\/2016\/03\/11\/dauphin\/#breadcrumb\",\"itemListElement\":[{\"@type\":\"ListItem\",\"position\":1,\"name\":\"Accueil\",\"item\":\"https:\/\/ber-thelud.com\/\"},{\"@type\":\"ListItem\",\"position\":2,\"name\":\"Le Dauphin de ROCCAPINA\"}]},{\"@type\":\"WebSite\",\"@id\":\"https:\/\/ber-thelud.com\/#website\",\"url\":\"https:\/\/ber-thelud.com\/\",\"name\":\"L&#039;expo Corse\",\"description\":\"Auteur - Photographe - Curieux\",\"potentialAction\":[{\"@type\":\"SearchAction\",\"target\":{\"@type\":\"EntryPoint\",\"urlTemplate\":\"https:\/\/ber-thelud.com\/?s={search_term_string}\"},\"query-input\":{\"@type\":\"PropertyValueSpecification\",\"valueRequired\":true,\"valueName\":\"search_term_string\"}}],\"inLanguage\":\"fr-FR\"},{\"@type\":\"Person\",\"@id\":\"https:\/\/ber-thelud.com\/#\/schema\/person\/14a3985f943f2f9b00dff89634057603\",\"name\":\"berthelud\",\"image\":{\"@type\":\"ImageObject\",\"inLanguage\":\"fr-FR\",\"@id\":\"https:\/\/ber-thelud.com\/#\/schema\/person\/image\/\",\"url\":\"https:\/\/secure.gravatar.com\/avatar\/b43fc5da0b6af6c7fa50eee46b3ec6f02c797f548cefef51b5e46c23d61cf05e?s=96&d=mm&r=g\",\"contentUrl\":\"https:\/\/secure.gravatar.com\/avatar\/b43fc5da0b6af6c7fa50eee46b3ec6f02c797f548cefef51b5e46c23d61cf05e?s=96&d=mm&r=g\",\"caption\":\"berthelud\"},\"url\":\"https:\/\/ber-thelud.com\/index.php\/author\/berthelud\/\"}]}<\/script>\n<!-- \/ Yoast SEO plugin. -->","yoast_head_json":{"title":"Le Dauphin de ROCCAPINA - L&#039;expo Corse","robots":{"index":"index","follow":"follow","max-snippet":"max-snippet:-1","max-image-preview":"max-image-preview:large","max-video-preview":"max-video-preview:-1"},"canonical":"https:\/\/ber-thelud.com\/index.php\/2016\/03\/11\/dauphin\/","og_locale":"fr_FR","og_type":"article","og_title":"Le Dauphin de ROCCAPINA - L&#039;expo Corse","og_description":"M\u00eame les Corses m&rsquo;ont demand\u00e9 si je n&rsquo;avais pas trafiqu\u00e9 l&rsquo;image, promis, je jure que non&#8230;..! J&rsquo;aime me perdre presque volontairement en Corse, j&rsquo;ai donc quitt\u00e9 la plage de Roccapina et suis all\u00e9 me promener dans le maquis en longeant le littoral, c&rsquo;est pas tr\u00e8s fr\u00e9quent\u00e9 par ici, je n&rsquo;ai crois\u00e9 personne, si ce n&rsquo;est...","og_url":"https:\/\/ber-thelud.com\/index.php\/2016\/03\/11\/dauphin\/","og_site_name":"L&#039;expo Corse","article_published_time":"2016-03-11T07:43:36+00:00","article_modified_time":"2021-04-14T11:43:07+00:00","og_image":[{"width":1920,"height":1440,"url":"https:\/\/i0.wp.com\/ber-thelud.com\/wp-content\/uploads\/2021\/03\/Le-dauphin-de-ROCCAPINA-1.jpg?fit=1920%2C1440&ssl=1","type":"image\/jpeg"}],"author":"berthelud","twitter_card":"summary_large_image","twitter_misc":{"\u00c9crit par":"berthelud","Dur\u00e9e de lecture estim\u00e9e":"1 minute"},"schema":{"@context":"https:\/\/schema.org","@graph":[{"@type":"WebPage","@id":"https:\/\/ber-thelud.com\/index.php\/2016\/03\/11\/dauphin\/","url":"https:\/\/ber-thelud.com\/index.php\/2016\/03\/11\/dauphin\/","name":"Le Dauphin de ROCCAPINA - L&#039;expo Corse","isPartOf":{"@id":"https:\/\/ber-thelud.com\/#website"},"primaryImageOfPage":{"@id":"https:\/\/ber-thelud.com\/index.php\/2016\/03\/11\/dauphin\/#primaryimage"},"image":{"@id":"https:\/\/ber-thelud.com\/index.php\/2016\/03\/11\/dauphin\/#primaryimage"},"thumbnailUrl":"https:\/\/i0.wp.com\/ber-thelud.com\/wp-content\/uploads\/2021\/03\/Le-dauphin-de-ROCCAPINA-1.jpg?fit=1920%2C1440&ssl=1","datePublished":"2016-03-11T07:43:36+00:00","dateModified":"2021-04-14T11:43:07+00:00","author":{"@id":"https:\/\/ber-thelud.com\/#\/schema\/person\/14a3985f943f2f9b00dff89634057603"},"breadcrumb":{"@id":"https:\/\/ber-thelud.com\/index.php\/2016\/03\/11\/dauphin\/#breadcrumb"},"inLanguage":"fr-FR","potentialAction":[{"@type":"ReadAction","target":["https:\/\/ber-thelud.com\/index.php\/2016\/03\/11\/dauphin\/"]}]},{"@type":"ImageObject","inLanguage":"fr-FR","@id":"https:\/\/ber-thelud.com\/index.php\/2016\/03\/11\/dauphin\/#primaryimage","url":"https:\/\/i0.wp.com\/ber-thelud.com\/wp-content\/uploads\/2021\/03\/Le-dauphin-de-ROCCAPINA-1.jpg?fit=1920%2C1440&ssl=1","contentUrl":"https:\/\/i0.wp.com\/ber-thelud.com\/wp-content\/uploads\/2021\/03\/Le-dauphin-de-ROCCAPINA-1.jpg?fit=1920%2C1440&ssl=1","width":1920,"height":1440,"caption":"OLYMPUS DIGITAL CAMERA"},{"@type":"BreadcrumbList","@id":"https:\/\/ber-thelud.com\/index.php\/2016\/03\/11\/dauphin\/#breadcrumb","itemListElement":[{"@type":"ListItem","position":1,"name":"Accueil","item":"https:\/\/ber-thelud.com\/"},{"@type":"ListItem","position":2,"name":"Le Dauphin de ROCCAPINA"}]},{"@type":"WebSite","@id":"https:\/\/ber-thelud.com\/#website","url":"https:\/\/ber-thelud.com\/","name":"L&#039;expo Corse","description":"Auteur - Photographe - Curieux","potentialAction":[{"@type":"SearchAction","target":{"@type":"EntryPoint","urlTemplate":"https:\/\/ber-thelud.com\/?s={search_term_string}"},"query-input":{"@type":"PropertyValueSpecification","valueRequired":true,"valueName":"search_term_string"}}],"inLanguage":"fr-FR"},{"@type":"Person","@id":"https:\/\/ber-thelud.com\/#\/schema\/person\/14a3985f943f2f9b00dff89634057603","name":"berthelud","image":{"@type":"ImageObject","inLanguage":"fr-FR","@id":"https:\/\/ber-thelud.com\/#\/schema\/person\/image\/","url":"https:\/\/secure.gravatar.com\/avatar\/b43fc5da0b6af6c7fa50eee46b3ec6f02c797f548cefef51b5e46c23d61cf05e?s=96&d=mm&r=g","contentUrl":"https:\/\/secure.gravatar.com\/avatar\/b43fc5da0b6af6c7fa50eee46b3ec6f02c797f548cefef51b5e46c23d61cf05e?s=96&d=mm&r=g","caption":"berthelud"},"url":"https:\/\/ber-thelud.com\/index.php\/author\/berthelud\/"}]}},"jetpack_featured_media_url":"https:\/\/i0.wp.com\/ber-thelud.com\/wp-content\/uploads\/2021\/03\/Le-dauphin-de-ROCCAPINA-1.jpg?fit=1920%2C1440&ssl=1","jetpack_sharing_enabled":true,"_links":{"self":[{"href":"https:\/\/ber-thelud.com\/index.php\/wp-json\/wp\/v2\/posts\/691","targetHints":{"allow":["GET"]}}],"collection":[{"href":"https:\/\/ber-thelud.com\/index.php\/wp-json\/wp\/v2\/posts"}],"about":[{"href":"https:\/\/ber-thelud.com\/index.php\/wp-json\/wp\/v2\/types\/post"}],"author":[{"embeddable":true,"href":"https:\/\/ber-thelud.com\/index.php\/wp-json\/wp\/v2\/users\/2"}],"replies":[{"embeddable":true,"href":"https:\/\/ber-thelud.com\/index.php\/wp-json\/wp\/v2\/comments?post=691"}],"version-history":[{"count":11,"href":"https:\/\/ber-thelud.com\/index.php\/wp-json\/wp\/v2\/posts\/691\/revisions"}],"predecessor-version":[{"id":1781,"href":"https:\/\/ber-thelud.com\/index.php\/wp-json\/wp\/v2\/posts\/691\/revisions\/1781"}],"wp:featuredmedia":[{"embeddable":true,"href":"https:\/\/ber-thelud.com\/index.php\/wp-json\/wp\/v2\/media\/1432"}],"wp:attachment":[{"href":"https:\/\/ber-thelud.com\/index.php\/wp-json\/wp\/v2\/media?parent=691"}],"wp:term":[{"taxonomy":"category","embeddable":true,"href":"https:\/\/ber-thelud.com\/index.php\/wp-json\/wp\/v2\/categories?post=691"},{"taxonomy":"post_tag","embeddable":true,"href":"https:\/\/ber-thelud.com\/index.php\/wp-json\/wp\/v2\/tags?post=691"}],"curies":[{"name":"wp","href":"https:\/\/api.w.org\/{rel}","templated":true}]}}